{"id":9640,"date":"2020-03-09T19:58:54","date_gmt":"2020-03-09T18:58:54","guid":{"rendered":"http:\/\/www.upgp2.it\/wordpress\/?p=9640"},"modified":"2020-03-09T20:42:12","modified_gmt":"2020-03-09T19:42:12","slug":"lettera-ai-parrocchiani","status":"publish","type":"post","link":"https:\/\/www.upgp2.it\/wordpress\/2020\/03\/09\/lettera-ai-parrocchiani\/","title":{"rendered":"Lettera ai parrocchiani"},"content":{"rendered":"<h1>Lettera ai parrocchiani<\/h1>\n<p>Cari parrocchiani,<\/p>\n<p>questa seconda settimana di Quaresima \u00e8 iniziata in un modo insolito a seguito della situazione di eccezionalit\u00e0 (noi siamo in una zona a mobilit\u00e0 ridotta) che stiamo vivendo in questo periodo. Gi\u00e0 negli scorsi giorni, come sacerdoti, \u00e8 stato strano il celebrare la S.Messa senza partecipazione di popolo e soprattutto ieri, pur avendo celebrato in casa e aperto le Chiese per la preghiera personale, il pronunciare \u201c<em>il Signore sia con voi<\/em>\u201d ha richiesto una nuova consapevolezza. Sapevamo anche prima che l\u2019Eucaristia celebrata \u00e8 un evento per tutta l\u2019umanit\u00e0, non solo per coloro che vi partecipano ma in questi giorni ci viene chiesto questo passo in avanti nella fede e nella carit\u00e0. Come ci ha ricordato il nostro Vescovo Massimo, ci atteniamo a quanto chiesto per aiutare la societ\u00e0 a far fronte a questo stato di emergenza. Il cambiamento del nostro stile di vita, nelle varie privazioni o adattamenti richiesti, lo viviamo con questo spirito di carit\u00e0 nei confronti delle persone e nello stesso momento invochiamo per noi e per le nostre comunit\u00e0 il dono di una fede rinnovata. Le parole pronunciate all\u2019inizio di ogni Eucaristia sono vere, il Signore \u00e8 con voi, abita le nostre case e situazioni. Colui che ha posto la sua dimora in mezzo a noi nell\u2019evento dell\u2019Incarnazione chiede in particolar modo in questi giorni di essere ritrovato nelle nostre case, nei nostri luoghi di familiarit\u00e0, di lavoro e incontro. Era forte in noi il desiderio di una condivisione di cammino di Quaresima con quanto avevamo programmato: le Sante Messe del mattino e della sera, la preghiera delle Lodi in chiesa, le varie celebrazioni e i vari momenti che come UP o Diocesi si erano messi a Calendario, non da ultimo l\u2019occasione eccezionale inerente l\u2019anniversario di S.Francesco da Paola che avrebbe previsto la presenza del nostro Vescovo nella Festa di questo nostro patrono. \u201cIl Signore sia con voi\u201d in tutte queste situazioni che, come desiderio interiore, amiamo pensare ancora come occasioni di incontro e comunione. Sar\u00e0 differente il modo.<\/p>\n<p>Vi suggeriamo di non abbandonare le abitudini di preghiera che vivevate e, per quanto \u00e8 possibile, come ci suggerisce il Tempo di Quaresima, intensificare la vita spirituale accogliendo il senso di cammino verso la Pasqua tipico di questo periodo. Come abbiamo gi\u00e0 detto, dovranno cambiare le modalit\u00e0 concrete.<\/p>\n<p>Non potendo partecipare alla S.Messa quotidiana, vi invitiamo in quel medesimo orario a tenere un momento di preghiera. Potete leggere e meditare con calma la Parola di Dio del giorno, invocando prima di tutto lo Spirito Santo e concludendo la preghiera affidando a Maria le vostre intenzioni. Da parte nostra continueremo ogni giorno a celebrare la S.Messa con una particolare intenzione \u201c<em>pro populo<\/em>\u201d. Potete mandarci le intenzioni di preghiera che vi stanno a cuore e che offriremo nella S.Messa che celebriamo (mandatele a noi sacerdoti con il mezzo di comunicazione che preferite).<\/p>\n<p>E\u2019 un tempo prezioso per riscoprire la preghiera della Liturgia delle Ore. Se non avete a disposizione un breviario potete reperire i vari testi da internet (es. <a href=\"https:\/\/www.chiesacattolica.it\/liturgia-del-giorno\/\">https:\/\/www.chiesacattolica.it\/liturgia-del-giorno\/<\/a>).<\/p>\n<p>La preghiera del S.Rosario, recitato in famiglia, la meditazione della Via Crucis e la visita in chiesa (rimarranno aperte secondo i soliti orari) sono ulteriori possibilit\u00e0 che potete scegliere.<\/p>\n<p>La pratica del digiuno, secondo le vostre possibilit\u00e0, sia occasione di preghiera e offerta (ad esempio la lettura di un testo spirituale).<\/p>\n<p>Come sacerdoti rimaniamo a disposizione per confessioni, colloqui o altre esigenze.<\/p>\n<p>&nbsp;<\/p>\n<p>La segreteria dell\u2019Unit\u00e0 Pastorale in questo periodo rimarr\u00e0 chiusa. Per esigenze di segreteria potete chiamare il 555392 o scrivere a <a href=\"mailto:segreteria@upgp2.it\">segreteria@upgp2.it<\/a>. Le varie informazioni utili continueremo a spedire mediante la mailing list del bollettino e saranno pubblicate sul sito <a href=\"http:\/\/www.upgp2.it\/\">www.upgp2.it<\/a>.<\/p>\n<p>&nbsp;<\/p>\n<p>Augurandoci di poter presto ritornare a dire in vostra presenza: \u201cIl Signore sia con voi\u201d, continuiamo a camminare in comunione.<\/p>\n<p style=\"text-align: right;\">I Sacerdoti<\/p>\n","protected":false},"excerpt":{"rendered":"<p>Lettera ai parrocchiani Cari parrocchiani, questa seconda settimana di Quaresima \u00e8 iniziata in un modo insolito a seguito della situazione di eccezionalit\u00e0 (noi siamo in una zona a mobilit\u00e0 ridotta) che stiamo vivendo in questo periodo. Gi\u00e0 negli scorsi giorni, come sacerdoti, \u00e8 stato strano il celebrare la S.Messa senza partecipazione di popolo e soprattutto [&hellip;]<\/p>\n","protected":false},"author":1,"featured_media":0,"comment_status":"closed","ping_status":"open","sticky":false,"template":"","format":"standard","meta":[],"categories":[168],"tags":[178,179,76,118],"_links":{"self":[{"href":"https:\/\/www.upgp2.it\/wordpress\/wp-json\/wp\/v2\/posts\/9640"}],"collection":[{"href":"https:\/\/www.upgp2.it\/wordpress\/wp-json\/wp\/v2\/posts"}],"about":[{"href":"https:\/\/www.upgp2.it\/wordpress\/wp-json\/wp\/v2\/types\/post"}],"author":[{"embeddable":true,"href":"https:\/\/www.upgp2.it\/wordpress\/wp-json\/wp\/v2\/users\/1"}],"replies":[{"embeddable":true,"href":"https:\/\/www.upgp2.it\/wordpress\/wp-json\/wp\/v2\/comments?post=9640"}],"version-history":[{"count":1,"href":"https:\/\/www.upgp2.it\/wordpress\/wp-json\/wp\/v2\/posts\/9640\/revisions"}],"predecessor-version":[{"id":9642,"href":"https:\/\/www.upgp2.it\/wordpress\/wp-json\/wp\/v2\/posts\/9640\/revisions\/9642"}],"wp:attachment":[{"href":"https:\/\/www.upgp2.it\/wordpress\/wp-json\/wp\/v2\/media?parent=9640"}],"wp:term":[{"taxonomy":"category","embeddable":true,"href":"https:\/\/www.upgp2.it\/wordpress\/wp-json\/wp\/v2\/categories?post=9640"},{"taxonomy":"post_tag","embeddable":true,"href":"https:\/\/www.upgp2.it\/wordpress\/wp-json\/wp\/v2\/tags?post=9640"}],"curies":[{"name":"wp","href":"https:\/\/api.w.org\/{rel}","templated":true}]}}