{"id":9022,"date":"2019-03-31T07:00:01","date_gmt":"2019-03-31T05:00:01","guid":{"rendered":"http:\/\/www.upgp2.it\/wordpress\/?p=9022"},"modified":"2019-03-30T11:46:06","modified_gmt":"2019-03-30T10:46:06","slug":"iv-domenica-di-quaresima","status":"publish","type":"post","link":"https:\/\/www.upgp2.it\/wordpress\/2019\/03\/31\/iv-domenica-di-quaresima\/","title":{"rendered":"IV domenica di Quaresima"},"content":{"rendered":"<p><span style=\"font-size: 12pt;\">L\u2019invito alla gioia tipico di questa IV domenica di Quaresima &#8211; detta \u201c<em>in laetare<\/em>\u201d \u2013 ci introduce nella festa che il padre dei due figli ha desiderato in occasione del ritorno del pi\u00f9 giovane: \u00ab\u2026<em>facciamo festa, perch\u00e9 questo mio figlio era morto ed \u00e8 tornato in vita, era perduto ed \u00e8 stato ritrovato<\/em>\u00bb. La cura con cui l\u2019evangelista descrive i sentimenti, le situazioni, i dialoghi, ci permette di entrare e riconoscere quale posto stiamo abitando in questa festa. Rivestiti delle vesti pi\u00f9 belle nel battesimo, calzati i sandali della nostra sequela e portando l\u2019anello della nostra dignit\u00e0 di figli amati, partecipiamo della stessa comunione di Dio &#8211; \u00ab<em>Figlio, tu sei sempre con me e tutto ci\u00f2 che \u00e8 mio \u00e8 tuo<\/em>\u2026\u00bb. Riconosciamo che anche in noi abita la richiesta \u00ab<em>Padre, dammi la parte di patrimonio che mi spetta<\/em>\u00bb, ma l\u2019Eucaristia ci conferma che quando siamo ancora lontani, sulla soglia della nostra conversione, come Padre misericordioso tu ci attendi e, al minimo anelito del nostro cuore, corri incontro alla nostra umanit\u00e0 per abbracciarla.<\/span><\/p>\n<p style=\"text-align: right;\"><em><span style=\"font-size: 12pt;\">Don Matteo<\/span><\/em><\/p>\n","protected":false},"excerpt":{"rendered":"<p>L\u2019invito alla gioia tipico di questa IV domenica di Quaresima &#8211; detta \u201cin laetare\u201d \u2013 ci introduce nella festa che il padre dei due figli ha desiderato in occasione del ritorno del pi\u00f9 giovane: \u00ab\u2026facciamo festa, perch\u00e9 questo mio figlio era morto ed \u00e8 tornato in vita, era perduto ed \u00e8 stato ritrovato\u00bb. La cura [&hellip;]<\/p>\n","protected":false},"author":1,"featured_media":9023,"comment_status":"closed","ping_status":"open","sticky":false,"template":"","format":"standard","meta":[],"categories":[63],"tags":[125,126,127,118],"_links":{"self":[{"href":"https:\/\/www.upgp2.it\/wordpress\/wp-json\/wp\/v2\/posts\/9022"}],"collection":[{"href":"https:\/\/www.upgp2.it\/wordpress\/wp-json\/wp\/v2\/posts"}],"about":[{"href":"https:\/\/www.upgp2.it\/wordpress\/wp-json\/wp\/v2\/types\/post"}],"author":[{"embeddable":true,"href":"https:\/\/www.upgp2.it\/wordpress\/wp-json\/wp\/v2\/users\/1"}],"replies":[{"embeddable":true,"href":"https:\/\/www.upgp2.it\/wordpress\/wp-json\/wp\/v2\/comments?post=9022"}],"version-history":[{"count":0,"href":"https:\/\/www.upgp2.it\/wordpress\/wp-json\/wp\/v2\/posts\/9022\/revisions"}],"wp:featuredmedia":[{"embeddable":true,"href":"https:\/\/www.upgp2.it\/wordpress\/wp-json\/wp\/v2\/media\/9023"}],"wp:attachment":[{"href":"https:\/\/www.upgp2.it\/wordpress\/wp-json\/wp\/v2\/media?parent=9022"}],"wp:term":[{"taxonomy":"category","embeddable":true,"href":"https:\/\/www.upgp2.it\/wordpress\/wp-json\/wp\/v2\/categories?post=9022"},{"taxonomy":"post_tag","embeddable":true,"href":"https:\/\/www.upgp2.it\/wordpress\/wp-json\/wp\/v2\/tags?post=9022"}],"curies":[{"name":"wp","href":"https:\/\/api.w.org\/{rel}","templated":true}]}}