{"id":8852,"date":"2018-12-03T20:00:35","date_gmt":"2018-12-03T19:00:35","guid":{"rendered":"http:\/\/www.upgp2.it\/wordpress\/?p=8852"},"modified":"2019-03-14T19:07:51","modified_gmt":"2019-03-14T18:07:51","slug":"eucaristia-quotidianita-e-comunione","status":"publish","type":"post","link":"https:\/\/www.upgp2.it\/wordpress\/2018\/12\/03\/eucaristia-quotidianita-e-comunione\/","title":{"rendered":"Eucaristia, quotidianit\u00e0 e comunione"},"content":{"rendered":"<p><span style=\"font-size: 14pt; font-family: 'times new roman', times, serif;\">Tre parole sono risuonate particolarmente in questi mesi nel mio cuore: <i>Eucaristia<\/i>, <i>quotidianit\u00e0<\/i> e <i>comunione<\/i>. In tante occasioni, da quando come Comunit\u00e0 Residenziale abbiamo iniziato a muovere i passi nell\u2019Unit\u00e0 Pastorale, esse hanno in vario modo risuonato interiormente e con queste brevi considerazioni desidero anche poter esprimere l\u2019augurio per questo santo Natale.<span class=\"Apple-converted-space\">\u00a0<\/span><\/span><\/p>\n<p><span style=\"font-size: 14pt; font-family: 'times new roman', times, serif;\">Tre parole che mirabilmente sono racchiuse in una delle affermazioni pi\u00f9 importanti che san Giovanni fa nel suo Vangelo e che ha dato, in modo definitivo, senso alla storia di tutta l\u2019umanit\u00e0: \u201c<i>E il Verbo si fece carne e venne ad abitare in mezzo a noi<\/i>\u201d<i> <\/i>(Gv 1,14)<i>. <\/i>Benedetto XVI, commentando queste parole scrive:<i> \u201c\u2018E il Verbo si fece carne e pose la tenda fra noi\u2019. L\u2019uomo Ges\u00f9 \u00e8 l\u2019 \u2018attendarsi\u2019 del Verbo, dell\u2019eterno Logos divino, in questo mondo. La \u2018carne\u2019 di Ges\u00f9, la sua esistenza umana, \u00e8 la \u2018tenda\u2019 del Verbo: l\u2019allusione alla tenda sacra dell\u2019Israele peregrinante \u00e8 evidente. Ges\u00f9 \u00e8, per cos\u00ec dire, la tenda dell\u2019incontro \u2013 \u00e8 in modo del tutto reale ci\u00f2 di cui la tenda e, in seguito, il Tempio potevano essere soltanto la prefigurazione<\/i>\u201d (Benedetto XVI, L\u2019infanzia di Ges\u00f9). L\u2019immagine evocativa di questa dimora, luogo dove Dio desidera abitare e che \u00e8 la nostra umanit\u00e0, le nostre relazioni e occupazioni, ci riportano alla domanda che da sempre muove il cuore dell\u2019uomo: \u201c<i>Maestro, dove abiti?<\/i>\u201d (Gv 1,38). Alla risposta di Ges\u00f9: \u201c<i>venite e vedrete<\/i>\u201d auspico che ognuno possa fare quella grata prostrazione che i magi, e tutti coloro che nella fede ci hanno preceduto, ci insegnano. Tutti, imitando il gesto dei magi, possano accogliere l\u2019invito che san Giovanni Paolo II, preparando la GMG di Colonia del 2005, rivolse alla Chiesa: \u201c<i>Cari giovani, offrite anche voi al Signore l\u2019oro della vostra esistenza, ossia\u00a0<\/i><i>la libert\u00e0<\/i><i>\u00a0di seguirlo per amore rispondendo fedelmente alla sua chiamata; fate salire verso di Lui l\u2019incenso della vostra\u00a0<\/i><i>preghiera<\/i><i>\u00a0ardente, a lode della sua gloria; offritegli la mirra,\u00a0<\/i><i>l\u2019affetto cio\u00e8 pieno di gratitudine per Lui<\/i><i>, vero Uomo, che ci ha amato fino a morire come un malfattore sul Golgotha<\/i>\u201d. Come abbiamo desiderato ricordare all\u2019inizio del nostro ministero in questa Unit\u00e0 Pastorale: \u201c<i>\u00e8 Lui la grande lente di ogni conoscenza<\/i>\u201d.<span class=\"Apple-converted-space\">\u00a0<\/span><\/span><\/p>\n<p><span style=\"font-size: 14pt; font-family: 'times new roman', times, serif;\"><b>\u201c<i>Venne ad abitare in mezzo a noi<\/i>\u201d: Eucaristia<\/b>. <\/span><span style=\"font-size: 14pt; font-family: 'times new roman', times, serif;\">Parlando dell\u2019Eucaristia in occasione della sagra di settembre il nostro vescovo ci ha detto: \u201c<i>Dio ha voluto che in una carne umana abitasse in modo definitivo e pieno il s\u00ec al suo desiderio di creare una sola famiglia. E questo s\u00ec \u00e8 stato reso possibile dal s\u00ec del Figlio<\/i>\u201d. Che bello poter immaginare che nelle nostre celebrazioni ciascuno possa dire il proprio \u201cs\u00ec\u201d a Cristo! Stiamo vivendo momenti preziosi di cambiamento, cercando di continuare a rendere sempre pi\u00f9 concreto quel mandato ricevuto nel 2009 quando ci si \u00e8 costituiti Unit\u00e0 Pastorale. Il \u201cs\u00ec\u201d di ciascuno di noi \u00e8 un dono prezioso che Dio fa a tutta la comunit\u00e0 e l\u2019Eucaristia, celebrata e vissuta, esprime in modo mirabile questo mistero di comunione: i nostri \u201cs\u00ec\u201d uniti in quello del Figlio al Padre. Ricordo con gratitudine (andando un po\u2019 a memoria) le parole che don Eleuterio aveva rivolto nell\u2019occasione di un suo anniversario di ordinazione nelle quali, con grande semplicit\u00e0 e profondit\u00e0, spiegava che la celebrazione dell\u2019Eucaristia rappresenta realmente il miglior modo che abbiamo, come cristiani, per rendere grazie a Dio di tutto ci\u00f2 che viviamo. Continuiamo a rispondere all\u2019invito di Cristo: \u201cfate questo in memoria di me\u201d, lasciando che lo Spirito possa realmente creare di tutti noi il Suo Corpo, che \u00e8 la Chiesa.<span class=\"Apple-converted-space\">\u00a0<\/span><\/span><\/p>\n<p><span style=\"font-size: 14pt; font-family: 'times new roman', times, serif;\"><b>\u201c<i>Venne ad abitare in mezzo a noi<\/i>\u201d: quotidianit\u00e0<\/b>. Nel periodo di Avvento abbiamo aggiunto una messa feriale al mattino presto. Oltre alle motivazioni che sono gi\u00e0 state espresse nel settimanale diocesano \u201cLa Libert\u00e0\u201d, questa scelta \u00e8 motivata anche da un desiderio di quotidianit\u00e0. In ogni Eucaristia ritorniamo a quell\u2019istante in cui quel \u201cVerbo\u201d che \u201c<i>si fece carne e venne ad abitare in mezzo a noi<\/i>\u201d compie il gesto con cui ci ama sino alla perfezione (cfr. Gv 13,1). La logica di Dio non \u00e8 fatta di eventi sporadici e non ha bisogno di tempistiche straordinarie. \u201c<i>Il popolo che camminava nelle tenebre vide una grande luce; su coloro che abitavano in terra tenebrosa una luce rifulse<\/i>\u201d (Is 9,1).\u00a0Nell\u2019Eucaristia Dio si accosta al nostro cammino, si adatta al nostro passo, attende che lo riconosciamo come Signore e suggerisce al nostro cuore: \u201c<i>Non aver paura e non spaventarti, perch\u00e9 il Signore, tuo Dio, \u00e8 con te, dovunque tu vada<\/i>\u201d (Gs 1,9). La nostra quotidianit\u00e0 ha bisogno di essere illuminata da queste promesse e come comunit\u00e0 occorre farci carico gli uni gli altri, affinch\u00e9 ciascuno possa sentirsi chiamato a vivere con questa grata consapevolezza quotidiana. Tutto questo ci chiede di vivere la presenza di Dio in modo sempre pi\u00f9 famigliare e, pensando alle inevitabili fatiche che tutti, pi\u00f9 o meno, sperimentiamo nel vincere la tentazione dell\u2019abitudinariet\u00e0, mi permetto di richiamare di seguito un altro passaggio della catechesi tenuta dal vescovo.<span class=\"Apple-converted-space\">\u00a0<\/span><\/span><\/p>\n<p><span style=\"font-size: 14pt; font-family: 'times new roman', times, serif;\">\u201c<i>[\u2026]<\/i> <i>penso che l\u2019importanza dell\u2019Eucarestia aumenti vivendola, nella celebrazione quotidiana della Messa. Certo, c\u2019\u00e8 il giorno in cui sei stanco, il giorno in cui sei distratto, il giorno in cui sei appesantito, per\u00f2 quella \u00e8 una frequentazione con il mistero eucaristico, che ti trasforma quasi senza che tu te ne accorga. Penso che la strada migliore per accostarsi al mistero dell\u2019Eucarestia sia vivere con semplicit\u00e0 la Messa. Con semplicit\u00e0. Se noi stiamo attenti, le letture nella liturgia della Parola ci portano sempre all\u2019Eucarestia, sempre. Non in modo meccanico, non perch\u00e9 parlino sempre di Eucarestia, ma ci portano sempre al mistero di Cristo e quindi all\u2019Eucarestia<\/i>\u201d.<span class=\"Apple-converted-space\">\u00a0<\/span><\/span><\/p>\n<p><span style=\"font-size: 14pt; font-family: 'times new roman', times, serif;\"><b>\u201c<i>Venne ad abitare in mezzo a noi\u201d<\/i>: comunione. <\/b>Come sacerdoti \u00e8 molto bello poter elevare a Dio, a nome e insieme a tutto il Suo popolo, le parole che si pronunciano in ogni preghiera Eucaristica. \u201c<i>Lo Spirito Santo ci riunisca in un solo corpo\u201d<\/i> (cfr. preghiera eucaristica II). Se queste parole fossero un semplice auspicio, presto ci stancherebbero e perderemmo facilmente la consapevolezza che ancora oggi, realmente, Dio visita il suo popolo. Se in queste parole individuassimo prima di tutto un\u2019ulteriore cosa da fare, un\u2019azione nostra o da inserire fra le tante che compongono la nostra vita, presto rimarremmo delusi. Occorre fare spazio. Cos\u00ec come il tempo di Avvento vuole essere un\u2019occasione di grazia e di conversione per andare incontro al Cristo che viene, allo stesso modo la nostra vita deve lasciar fare prima di tutto a Dio, per mezzo dello Spirito Santo. La comunione \u00e8 prima di tutto un dono di Dio che si rinnova in ogni Eucaristia. \u00c8 l\u00ec che nasce, si rinnova e prende nuovo slancio ogni nostra azione di comunione. L\u00ec troviamo il punto di arrivo di ogni nostro dono e da l\u00ec, con rinnovata gioia, ritroviamo l\u2019intima convinzione che \u201c<i>nessuno ha un amore pi\u00f9 grande di questo: dare la vita per i propri amici<\/i>\u201d (Gv\u00a015,13). Il desiderio di comunione di Dio ogni giorno va in cerca dei nostri cuori, delle nostre azioni, delle nostre parole, quasi come se quel \u201c<i>farsi carne<\/i>\u201d volesse continuare nelle nostre vite. Cos\u00ec come la parola di Dio chiede alle nostre voci di essere proclamata, l\u2019Eucaristia alimenti in noi il desiderio di celebrarla con la nostra vita, come offerta gradita a Dio.<span class=\"Apple-converted-space\">\u00a0<\/span><\/span><\/p>\n<p><span style=\"font-size: 14pt; font-family: 'times new roman', times, serif;\">Nel \u201cs\u00ec\u201d di Maria, dimora di grazia nella quale il \u201c<i>Verbo si fece carne<\/i>\u201d, arca dell\u2019alleanza che ci dona Ges\u00f9 e ci conduce a Lui, Madre affidataci da Cristo sulla Croce, possano i nostri \u201cs\u00ec\u201d essere l\u2019augurio e il dono pi\u00f9 prezioso che desideriamo farci in questo santo Natale.<span class=\"Apple-converted-space\">\u00a0<\/span><\/span><\/p>\n<p style=\"text-align: right;\"><span style=\"font-size: 14pt; font-family: 'times new roman', times, serif;\"><i>Don Matteo<span class=\"Apple-converted-space\">\u00a0<\/span>Bondavalli<\/i><\/span><\/p>\n","protected":false},"excerpt":{"rendered":"<p>Tre parole sono risuonate particolarmente in questi mesi nel mio cuore: Eucaristia, quotidianit\u00e0 e comunione. In tante occasioni, da quando come Comunit\u00e0 Residenziale abbiamo iniziato a muovere i passi nell\u2019Unit\u00e0 Pastorale, esse hanno in vario modo risuonato interiormente e con queste brevi considerazioni desidero anche poter esprimere l\u2019augurio per questo santo Natale.\u00a0 Tre parole che [&hellip;]<\/p>\n","protected":false},"author":1,"featured_media":8855,"comment_status":"closed","ping_status":"open","sticky":false,"template":"","format":"standard","meta":[],"categories":[63],"tags":[114],"_links":{"self":[{"href":"https:\/\/www.upgp2.it\/wordpress\/wp-json\/wp\/v2\/posts\/8852"}],"collection":[{"href":"https:\/\/www.upgp2.it\/wordpress\/wp-json\/wp\/v2\/posts"}],"about":[{"href":"https:\/\/www.upgp2.it\/wordpress\/wp-json\/wp\/v2\/types\/post"}],"author":[{"embeddable":true,"href":"https:\/\/www.upgp2.it\/wordpress\/wp-json\/wp\/v2\/users\/1"}],"replies":[{"embeddable":true,"href":"https:\/\/www.upgp2.it\/wordpress\/wp-json\/wp\/v2\/comments?post=8852"}],"version-history":[{"count":0,"href":"https:\/\/www.upgp2.it\/wordpress\/wp-json\/wp\/v2\/posts\/8852\/revisions"}],"wp:featuredmedia":[{"embeddable":true,"href":"https:\/\/www.upgp2.it\/wordpress\/wp-json\/wp\/v2\/media\/8855"}],"wp:attachment":[{"href":"https:\/\/www.upgp2.it\/wordpress\/wp-json\/wp\/v2\/media?parent=8852"}],"wp:term":[{"taxonomy":"category","embeddable":true,"href":"https:\/\/www.upgp2.it\/wordpress\/wp-json\/wp\/v2\/categories?post=8852"},{"taxonomy":"post_tag","embeddable":true,"href":"https:\/\/www.upgp2.it\/wordpress\/wp-json\/wp\/v2\/tags?post=8852"}],"curies":[{"name":"wp","href":"https:\/\/api.w.org\/{rel}","templated":true}]}}