{"id":8600,"date":"2018-05-09T10:59:01","date_gmt":"2018-05-09T08:59:01","guid":{"rendered":"http:\/\/www.upgp2.it\/wordpress\/?p=8600"},"modified":"2018-05-09T10:59:01","modified_gmt":"2018-05-09T08:59:01","slug":"senza-di-me-non-potere-fare-nulla","status":"publish","type":"post","link":"https:\/\/www.upgp2.it\/wordpress\/2018\/05\/09\/senza-di-me-non-potere-fare-nulla\/","title":{"rendered":"\u201csenza di me non potere fare nulla\u201d"},"content":{"rendered":"<div class=\"m_-8014032063211216930WordSection1\">\n<p><span style=\"font-family: book antiqua,palatino,serif; font-size: 14pt;\">V Domenica di Pasqua (Anno B)<\/span><\/p>\n<\/div>\n<p><span style=\"font-family: book antiqua,palatino,serif; font-size: 14pt;\">Gv 15, 1-8<\/span><\/p>\n<p><span style=\"font-family: book antiqua,palatino,serif; font-size: 14pt;\">Un\u2019aspirazione importante dell\u2019uomo \u00e8 la riuscita delle sue azioni, il vedere <\/span><span style=\"font-family: book antiqua,palatino,serif; font-size: 14pt;\">con i propri occhi la crescita e lo sviluppo dei progetti a cui siamo orientati. <\/span><span style=\"font-family: book antiqua,palatino,serif; font-size: 14pt;\">Da questo punto di vista le parole di Ges\u00f9 suonano alquanto inopportune, <\/span><span style=\"font-family: book antiqua,palatino,serif; font-size: 14pt;\">poich\u00e9 tendono a relativizzare in qualche modo la capacit\u00e0 dell\u2019uomo di <\/span><span style=\"font-family: book antiqua,palatino,serif; font-size: 14pt;\">riuscire. Eppure, se siamo sinceri, riconosciamo che non sono fuori luogo, <\/span><span style=\"font-family: book antiqua,palatino,serif; font-size: 14pt;\">nemmeno offensive della nostra autonomia decisionale. Perch\u00e9? Come Ges\u00f9 <\/span><span style=\"font-family: book antiqua,palatino,serif; font-size: 14pt;\">ci indica nel rapporto con il Padre, siamo chiamati a riconoscere una <\/span><span style=\"font-family: book antiqua,palatino,serif; font-size: 14pt;\">relazione fondante ed originaria con il mistero della Verit\u00e0, luogo di incontro e <\/span><span style=\"font-family: book antiqua,palatino,serif; font-size: 14pt;\">di generazione nell\u2019essere, dove i desideri e le aspirazioni hanno l\u2019opportunit\u00e0 <\/span><span style=\"font-family: book antiqua,palatino,serif; font-size: 14pt;\">unica di conciliarsi con la volont\u00e0 assumendo la forma pi\u00f9 adeguata nell&#8217;amore, riuscendo cos\u00ec autenticamente a portare frutto.<\/span><\/p>\n","protected":false},"excerpt":{"rendered":"<p>V Domenica di Pasqua (Anno B) Gv 15, 1-8 Un\u2019aspirazione importante dell\u2019uomo \u00e8 la riuscita delle sue azioni, il vedere con i propri occhi la crescita e lo sviluppo dei progetti a cui siamo orientati. Da questo punto di vista le parole di Ges\u00f9 suonano alquanto inopportune, poich\u00e9 tendono a relativizzare in qualche modo la [&hellip;]<\/p>\n","protected":false},"author":1,"featured_media":0,"comment_status":"closed","ping_status":"open","sticky":false,"template":"","format":"standard","meta":[],"categories":[63],"tags":[103,104,80],"_links":{"self":[{"href":"https:\/\/www.upgp2.it\/wordpress\/wp-json\/wp\/v2\/posts\/8600"}],"collection":[{"href":"https:\/\/www.upgp2.it\/wordpress\/wp-json\/wp\/v2\/posts"}],"about":[{"href":"https:\/\/www.upgp2.it\/wordpress\/wp-json\/wp\/v2\/types\/post"}],"author":[{"embeddable":true,"href":"https:\/\/www.upgp2.it\/wordpress\/wp-json\/wp\/v2\/users\/1"}],"replies":[{"embeddable":true,"href":"https:\/\/www.upgp2.it\/wordpress\/wp-json\/wp\/v2\/comments?post=8600"}],"version-history":[{"count":0,"href":"https:\/\/www.upgp2.it\/wordpress\/wp-json\/wp\/v2\/posts\/8600\/revisions"}],"wp:attachment":[{"href":"https:\/\/www.upgp2.it\/wordpress\/wp-json\/wp\/v2\/media?parent=8600"}],"wp:term":[{"taxonomy":"category","embeddable":true,"href":"https:\/\/www.upgp2.it\/wordpress\/wp-json\/wp\/v2\/categories?post=8600"},{"taxonomy":"post_tag","embeddable":true,"href":"https:\/\/www.upgp2.it\/wordpress\/wp-json\/wp\/v2\/tags?post=8600"}],"curies":[{"name":"wp","href":"https:\/\/api.w.org\/{rel}","templated":true}]}}